{"id":408,"date":"2013-07-15T08:02:14","date_gmt":"2013-07-15T06:02:14","guid":{"rendered":"http:\/\/www.ffw-volkertshausen.de\/?p=408"},"modified":"2013-07-18T08:04:47","modified_gmt":"2013-07-18T06:04:47","slug":"kreisfeuerwehrtag-2013","status":"publish","type":"post","link":"https:\/\/www.ffw-volkertshausen.de\/?p=408","title":{"rendered":"Kreisfeuerwehrtag 2013"},"content":{"rendered":"<p>Vom 12. bis 14.07.2013 fand der diesj\u00e4hrige Kreisfeuerwehrtag in Allensbach statt. Die Feuerwehr Volkertshausen stellte auch dieses Jahr wieder eine Gruppe f\u00fcr die Leistungswettk\u00e4mpfe.<!--more--><\/p>\n<p>Am Samstag absolvierte die bunt gemischte Bronzegruppe aus alten, erfahrenen Wehrm\u00e4nnern und Jungfeuerwehrleuten routiniert die Leistungs\u00fcbung und schloss diese mit Erfolg ab.<\/p>\n<p>Der Sonntag begann mit einem \u00d6kumenischen Gottesdienst und anschlie\u00dfendem Kommandantenempfang. Danach konnte man sich bei Fr\u00fchschoppen und Mittagessen st\u00e4rken um anschliessend dem Festumzug mit historischen Fahrzeugen beizuwohnen.<\/p>\nngg_shortcode_0_placeholder\n","protected":false},"excerpt":{"rendered":"<p>Vom 12. bis 14.07.2013 fand der diesj\u00e4hrige Kreisfeuerwehrtag in Allensbach statt. Die Feuerwehr Volkertshausen stellte auch dieses Jahr wieder eine Gruppe f\u00fcr die Leistungswettk\u00e4mpfe.<\/p>\n","protected":false},"author":1,"featured_media":417,"comment_status":"closed","ping_status":"closed","sticky":false,"template":"","format":"standard","meta":{"ngg_post_thumbnail":0,"footnotes":""},"categories":[1],"tags":[],"class_list":["post-408","post","type-post","status-publish","format-standard","has-post-thumbnail","hentry","category-aktuelles"],"_links":{"self":[{"href":"https:\/\/www.ffw-volkertshausen.de\/index.php?rest_route=\/wp\/v2\/posts\/408","targetHints":{"allow":["GET"]}}],"collection":[{"href":"https:\/\/www.ffw-volkertshausen.de\/index.php?rest_route=\/wp\/v2\/posts"}],"about":[{"href":"https:\/\/www.ffw-volkertshausen.de\/index.php?rest_route=\/wp\/v2\/types\/post"}],"author":[{"embeddable":true,"href":"https:\/\/www.ffw-volkertshausen.de\/index.php?rest_route=\/wp\/v2\/users\/1"}],"replies":[{"embeddable":true,"href":"https:\/\/www.ffw-volkertshausen.de\/index.php?rest_route=%2Fwp%2Fv2%2Fcomments&post=408"}],"version-history":[{"count":9,"href":"https:\/\/www.ffw-volkertshausen.de\/index.php?rest_route=\/wp\/v2\/posts\/408\/revisions"}],"predecessor-version":[{"id":418,"href":"https:\/\/www.ffw-volkertshausen.de\/index.php?rest_route=\/wp\/v2\/posts\/408\/revisions\/418"}],"wp:featuredmedia":[{"embeddable":true,"href":"https:\/\/www.ffw-volkertshausen.de\/index.php?rest_route=\/wp\/v2\/media\/417"}],"wp:attachment":[{"href":"https:\/\/www.ffw-volkertshausen.de\/index.php?rest_route=%2Fwp%2Fv2%2Fmedia&parent=408"}],"wp:term":[{"taxonomy":"category","embeddable":true,"href":"https:\/\/www.ffw-volkertshausen.de\/index.php?rest_route=%2Fwp%2Fv2%2Fcategories&post=408"},{"taxonomy":"post_tag","embeddable":true,"href":"https:\/\/www.ffw-volkertshausen.de\/index.php?rest_route=%2Fwp%2Fv2%2Ftags&post=408"}],"curies":[{"name":"wp","href":"https:\/\/api.w.org\/{rel}","templated":true}]}}