{"id":292,"date":"2012-04-30T14:47:39","date_gmt":"2012-04-30T12:47:39","guid":{"rendered":"http:\/\/www.ffw-volkertshausen.de\/?p=292"},"modified":"2012-04-30T15:00:26","modified_gmt":"2012-04-30T13:00:26","slug":"jahreshauptversammlung-der-freiwilligen-feuerwehr-volkertshausen","status":"publish","type":"post","link":"https:\/\/www.ffw-volkertshausen.de\/?p=292","title":{"rendered":"Jahreshauptversammlung der Freiwilligen Feuerwehr Volkertshausen"},"content":{"rendered":"<p>Am Samstag den 21.04.2012 fand die Jahreshauptversammlung im Feuerwehrger\u00e4tehaus statt. Mit Anwesend war auch der neue Kreisbrandmeister Marco Buess.<!--more--><\/p>\n<p>Wie auf der Hauptversammlung zu erfahren war, wurde n\u00e4mlich jede Menge an Fortbildung und Ausbildung geleistet. Gegen Ende des Jahres holte der Alltag die Wehrm\u00e4nner und -frauen wieder ein. Bei gleich zwei gef\u00e4hrlichen Br\u00e4nden in einer Autowerkstatt und einem Malerbetrieb musste jeder Griff sitzen. Bei beiden Br\u00e4nden kamen die Bewohner mit dem Schrecken davon.<\/p>\n<p>Schriftf\u00fchrer Ulrik Hornstein konnte in seinem Jahresbericht auch sehr viel \u00fcber Ausfl\u00fcge und Kameradschaftstreffen berichten. Beim Kreisfeuerwehrtag h\u00e4tten alle Volkertshauser Leistungsgruppen gut abgeschnitten. Daf\u00fcr absolvierten die Wettkampfgruppen insgesamt 955 Probestunden.<\/p>\n<p>Jugendleiter Timo von Gillhau\u00dfen berichtete \u00fcber viele Schulungen und sehr viel Freizeitaktivit\u00e4ten. Beim Kreis-Feuerwehrjugend-Zeltlager habe man allerdings wieder einmal Pech mit dem Wetter gehabt.<\/p>\n<p>Kommandant J\u00fcrgen Sapper zeigte sich sehr zufrieden \u00fcber den Leistungsstand. Er betonte noch einmal ausdr\u00fccklich, dass bei einem m\u00f6glichen Einsatz sofort 17 aktive Wehrm\u00e4nner am Ort zur Verf\u00fcgung stehen. \u201eDarauf bin ich besonders stolz\u201c, so der Kommentar von J\u00fcrgen Sapper. Mit einem Dankesch\u00f6n an die Gemeinde f\u00fcr die ausgezeichnete Zusammenarbeit beendete der Kommandant seinen Bericht.<\/p>\n<p>B\u00fcrgermeister Alfred Mutter, selbst aktives Mitglied in der Volkertshauser Wehr, bedankte sich im Namen der gesamten Gemeinde f\u00fcr den ehrenamtlichen Einsatz der Volkertshauser Wehrm\u00e4nner und -frauen. Nach den Bef\u00f6rderungen und Verabschiedungen stellte sich der neue Brandmeister Marco Buess der Versammlung vor. F\u00fcr seine Ausf\u00fchrungen bekam er sehr viel Beifall. \u201eEndlich neuer Wind im Landkreis\u201c, so Reinhard Veit, der die Versammlung auch \u00fcber die Aktivit\u00e4ten der Altersabteilung unterrichtete.<\/p>\n<p>Ganz am Schluss meldeten sich die beiden \u201eBrandopfer\u201c, Rainer Kenzler und Wolfgang Bardenheuer, zu Wort und bedankten sich ausdr\u00fccklich f\u00fcr den selbstlosen Einsatz der Volkertshauser Wehr. Es blieb aber nicht nur bei den Dankesworten. Unter dem tosenden Beifall der Versammlung verk\u00fcndeten sie, dass Speis und Trank an diesem Abend auf ihre Rechnung gehen.<\/p>\n","protected":false},"excerpt":{"rendered":"<p>Am Samstag den 21.04.2012 fand die Jahreshauptversammlung im Feuerwehrger\u00e4tehaus statt. Mit Anwesend war auch der neue Kreisbrandmeister Marco Buess.<\/p>\n","protected":false},"author":1,"featured_media":295,"comment_status":"closed","ping_status":"closed","sticky":false,"template":"","format":"standard","meta":{"ngg_post_thumbnail":0,"footnotes":""},"categories":[1],"tags":[],"class_list":["post-292","post","type-post","status-publish","format-standard","has-post-thumbnail","hentry","category-aktuelles"],"_links":{"self":[{"href":"https:\/\/www.ffw-volkertshausen.de\/index.php?rest_route=\/wp\/v2\/posts\/292","targetHints":{"allow":["GET"]}}],"collection":[{"href":"https:\/\/www.ffw-volkertshausen.de\/index.php?rest_route=\/wp\/v2\/posts"}],"about":[{"href":"https:\/\/www.ffw-volkertshausen.de\/index.php?rest_route=\/wp\/v2\/types\/post"}],"author":[{"embeddable":true,"href":"https:\/\/www.ffw-volkertshausen.de\/index.php?rest_route=\/wp\/v2\/users\/1"}],"replies":[{"embeddable":true,"href":"https:\/\/www.ffw-volkertshausen.de\/index.php?rest_route=%2Fwp%2Fv2%2Fcomments&post=292"}],"version-history":[{"count":4,"href":"https:\/\/www.ffw-volkertshausen.de\/index.php?rest_route=\/wp\/v2\/posts\/292\/revisions"}],"predecessor-version":[{"id":299,"href":"https:\/\/www.ffw-volkertshausen.de\/index.php?rest_route=\/wp\/v2\/posts\/292\/revisions\/299"}],"wp:featuredmedia":[{"embeddable":true,"href":"https:\/\/www.ffw-volkertshausen.de\/index.php?rest_route=\/wp\/v2\/media\/295"}],"wp:attachment":[{"href":"https:\/\/www.ffw-volkertshausen.de\/index.php?rest_route=%2Fwp%2Fv2%2Fmedia&parent=292"}],"wp:term":[{"taxonomy":"category","embeddable":true,"href":"https:\/\/www.ffw-volkertshausen.de\/index.php?rest_route=%2Fwp%2Fv2%2Fcategories&post=292"},{"taxonomy":"post_tag","embeddable":true,"href":"https:\/\/www.ffw-volkertshausen.de\/index.php?rest_route=%2Fwp%2Fv2%2Ftags&post=292"}],"curies":[{"name":"wp","href":"https:\/\/api.w.org\/{rel}","templated":true}]}}